{"id":25288,"date":"2020-12-07T18:32:48","date_gmt":"2020-12-07T18:32:48","guid":{"rendered":"https:\/\/cfpem-sst.com\/?p=25288"},"modified":"2025-02-19T18:45:36","modified_gmt":"2025-02-19T18:45:36","slug":"le-cfpem-sst-recu-dans-lordre-du-merite-burkinabe","status":"publish","type":"post","link":"https:\/\/cfpem-sst.com\/en\/le-cfpem-sst-recu-dans-lordre-du-merite-burkinabe\/","title":{"rendered":"CFPEM-SST INDUCTED INTO THE BURKINABE ORDER OF MERIT"},"content":{"rendered":"<p>Le CFPEM-SST est d\u00e9sormais Chevalier de l&rsquo;Ordre du M\u00e9rite burkinab\u00e8. Cette distinction nationale a \u00e9te re\u00e7ue ce vendredi 5 d\u00e9cembre par le repr\u00e9sentant du centre, monsieur Marrion Timothy Amah. C\u2019\u00e9tait au palais pr\u00e9sidentiel, en pr\u00e9sence du Chef de l&rsquo;\u00c9tat burkinab\u00e8.<\/p>\n\n\n\n<p>Le CFPEM-SST a \u00e9t\u00e9 jug\u00e9 digne de l&rsquo;Ordre du M\u00e9rite \u00e0 l&rsquo;occasion de la c\u00e9l\u00e9bration du 11-D\u00e9cembre, f\u00eate de l&rsquo;ind\u00e9pendance du Burkina Faso.<\/p>\n\n\n\n<figure class=\"wp-block-gallery has-nested-images columns-default is-cropped wp-block-gallery-1 is-layout-flex wp-block-gallery-is-layout-flex\">\n<figure class=\"wp-block-image size-large\"><img fetchpriority=\"high\" decoding=\"async\" width=\"1024\" height=\"725\" data-id=\"25730\" src=\"https:\/\/cfpem-sst.com\/wp-content\/uploads\/2020\/12\/WhatsApp-Image-2025-02-19-at-18.40.22-1024x725.jpeg\" alt=\"Ordre du M\u00e9rite Burkinab\u00e8 CFPEM-SST\" class=\"wp-image-25730\" srcset=\"https:\/\/cfpem-sst.com\/wp-content\/uploads\/2020\/12\/WhatsApp-Image-2025-02-19-at-18.40.22-1024x725.jpeg 1024w, https:\/\/cfpem-sst.com\/wp-content\/uploads\/2020\/12\/WhatsApp-Image-2025-02-19-at-18.40.22-300x212.jpeg 300w, https:\/\/cfpem-sst.com\/wp-content\/uploads\/2020\/12\/WhatsApp-Image-2025-02-19-at-18.40.22-768x544.jpeg 768w, https:\/\/cfpem-sst.com\/wp-content\/uploads\/2020\/12\/WhatsApp-Image-2025-02-19-at-18.40.22-18x12.jpeg 18w, https:\/\/cfpem-sst.com\/wp-content\/uploads\/2020\/12\/WhatsApp-Image-2025-02-19-at-18.40.22.jpeg 1280w\" sizes=\"(max-width: 1024px) 100vw, 1024px\" \/><figcaption class=\"wp-element-caption\">Ordre du M\u00e9rite Burkinab\u00e8 CFPEM-SST<\/figcaption><\/figure>\n\n\n\n<figure class=\"wp-block-image size-large\"><img decoding=\"async\" width=\"1008\" height=\"756\" data-id=\"25291\" src=\"https:\/\/cfpem-sst.com\/wp-content\/uploads\/2020\/12\/ordre-du-merite-cfpem4-2.jpeg\" alt=\"\" class=\"wp-image-25291\" srcset=\"https:\/\/cfpem-sst.com\/wp-content\/uploads\/2020\/12\/ordre-du-merite-cfpem4-2.jpeg 1008w, https:\/\/cfpem-sst.com\/wp-content\/uploads\/2020\/12\/ordre-du-merite-cfpem4-2-300x225.jpeg 300w, https:\/\/cfpem-sst.com\/wp-content\/uploads\/2020\/12\/ordre-du-merite-cfpem4-2-768x576.jpeg 768w\" sizes=\"(max-width: 1008px) 100vw, 1008px\" \/><\/figure>\n\n\n\n<figure class=\"wp-block-image size-large\"><img decoding=\"async\" width=\"1024\" height=\"768\" data-id=\"25292\" src=\"https:\/\/cfpem-sst.com\/wp-content\/uploads\/2020\/12\/ordre-du-merite-cfpem3-1024x768.jpeg\" alt=\"\" class=\"wp-image-25292\" srcset=\"https:\/\/cfpem-sst.com\/wp-content\/uploads\/2020\/12\/ordre-du-merite-cfpem3-1024x768.jpeg 1024w, https:\/\/cfpem-sst.com\/wp-content\/uploads\/2020\/12\/ordre-du-merite-cfpem3-300x225.jpeg 300w, https:\/\/cfpem-sst.com\/wp-content\/uploads\/2020\/12\/ordre-du-merite-cfpem3-768x576.jpeg 768w, https:\/\/cfpem-sst.com\/wp-content\/uploads\/2020\/12\/ordre-du-merite-cfpem3.jpeg 1080w\" sizes=\"(max-width: 1024px) 100vw, 1024px\" \/><\/figure>\n\n\n\n<figure class=\"wp-block-image size-large\"><img loading=\"lazy\" decoding=\"async\" width=\"1024\" height=\"768\" data-id=\"25293\" src=\"https:\/\/cfpem-sst.com\/wp-content\/uploads\/2020\/12\/ordre-du-merite-cfpem2-1024x768.jpeg\" alt=\"\" class=\"wp-image-25293\" srcset=\"https:\/\/cfpem-sst.com\/wp-content\/uploads\/2020\/12\/ordre-du-merite-cfpem2-1024x768.jpeg 1024w, https:\/\/cfpem-sst.com\/wp-content\/uploads\/2020\/12\/ordre-du-merite-cfpem2-300x225.jpeg 300w, https:\/\/cfpem-sst.com\/wp-content\/uploads\/2020\/12\/ordre-du-merite-cfpem2-768x576.jpeg 768w, https:\/\/cfpem-sst.com\/wp-content\/uploads\/2020\/12\/ordre-du-merite-cfpem2.jpeg 1080w\" sizes=\"(max-width: 1024px) 100vw, 1024px\" \/><\/figure>\n\n\n\n<figure class=\"wp-block-image size-large\"><img loading=\"lazy\" decoding=\"async\" width=\"1024\" height=\"731\" data-id=\"25294\" src=\"https:\/\/cfpem-sst.com\/wp-content\/uploads\/2020\/12\/ordre-du-merite-cfpem-1024x731.jpeg\" alt=\"ordre-du-merite-cfpem\" class=\"wp-image-25294\" srcset=\"https:\/\/cfpem-sst.com\/wp-content\/uploads\/2020\/12\/ordre-du-merite-cfpem-1024x731.jpeg 1024w, https:\/\/cfpem-sst.com\/wp-content\/uploads\/2020\/12\/ordre-du-merite-cfpem-300x214.jpeg 300w, https:\/\/cfpem-sst.com\/wp-content\/uploads\/2020\/12\/ordre-du-merite-cfpem-768x548.jpeg 768w, https:\/\/cfpem-sst.com\/wp-content\/uploads\/2020\/12\/ordre-du-merite-cfpem.jpeg 1080w\" sizes=\"(max-width: 1024px) 100vw, 1024px\" \/><\/figure>\n<\/figure>\n\n\n\n<p>Selon la Grande chancellerie des Ordres burkinab\u00e8, l&rsquo;Ordre du m\u00e9rite tout comme l\u2019Ordre de l\u2019Etalon r\u00e9compense \u00abtoute personne physique ou morale qui se serait distingu\u00e9e par son d\u00e9vouement, sa valeur professionnelle, la dur\u00e9e et la qualit\u00e9 de ses services\u00bb.<\/p>\n\n\n\n<p>C&rsquo;est naturellement en toute fiert\u00e9 que le CFPEM-SST re\u00e7oit cette distinction qui vient couronner son travail et son r\u00f4le dans le paysage de la formation professionnelle et des mines au Burkina Faso.<\/p>\n\n\n\n<p>Nous exprimons notre tr\u00e8s grande reconnaissance au plus hautes autorit\u00e9s burkinab\u00e8, notamment le Pr\u00e9sident du Faso, Grand Ma\u00eetre des Ordres burkinab\u00e8 pour ce grand honneur fait au CFPEM-SST.<\/p>\n\n\n\n<p>Nous sommes \u00e9galement reconnaissant aux d\u00e9partements minist\u00e9riels avec lesquels nous travaillons, et \u00e0 tous nos partenaires des secteurs publics et priv\u00e9s, ainsi qu\u2019aux actuels et anciens stagiaires du centre.<br>Le Directeur de la formation du CFPEM-SST, monsieur Ibrahim Ou\u00e9draogo, f\u00e9licite tout le personnel du centre, ses collaborateurs, dont le d\u00e9vouement au travail bien fait nous vaut ce laurier. Le m\u00e9rite est \u00e0 vous.<\/p>\n\n\n\n<p>\u00c0 tout le public, nous r\u00e9affirmons notre ferme engagement pour une formation de qualit\u00e9 dans les m\u00e9tiers des mines et des BTP, et en Sant\u00e9 S\u00e9curit\u00e9 au travail. Le travail continue.<br>En Avant !<\/p>\n\n\n\n<p>CFPEM-SST Cfpem-sst Centre de Formation<\/p>\n\n\n\n<p>Former pour mieux servir<\/p>","protected":false},"excerpt":{"rendered":"<p>Le CFPEM-SST est d\u00e9sormais Chevalier de l&rsquo;Ordre du M\u00e9rite burkinab\u00e8. Cette distinction nationale a \u00e9te re\u00e7ue ce vendredi 5 d\u00e9cembre par le repr\u00e9sentant du centre, monsieur Marrion Timothy Amah. C\u2019\u00e9tait au palais pr\u00e9sidentiel, en pr\u00e9sence du Chef de l&rsquo;\u00c9tat burkinab\u00e8. Le CFPEM-SST a \u00e9t\u00e9 jug\u00e9 digne de l&rsquo;Ordre du M\u00e9rite \u00e0 l&rsquo;occasion de la c\u00e9l\u00e9bration [&hellip;]<\/p>","protected":false},"author":1,"featured_media":25730,"comment_status":"closed","ping_status":"closed","sticky":false,"template":"","format":"standard","meta":{"ocean_post_layout":"","ocean_both_sidebars_style":"","ocean_both_sidebars_content_width":0,"ocean_both_sidebars_sidebars_width":0,"ocean_sidebar":"0","ocean_second_sidebar":"0","ocean_disable_margins":"enable","ocean_add_body_class":"","ocean_shortcode_before_top_bar":"","ocean_shortcode_after_top_bar":"","ocean_shortcode_before_header":"","ocean_shortcode_after_header":"","ocean_has_shortcode":"","ocean_shortcode_after_title":"","ocean_shortcode_before_footer_widgets":"","ocean_shortcode_after_footer_widgets":"","ocean_shortcode_before_footer_bottom":"","ocean_shortcode_after_footer_bottom":"","ocean_display_top_bar":"default","ocean_display_header":"default","ocean_header_style":"","ocean_center_header_left_menu":"0","ocean_custom_header_template":"0","ocean_custom_logo":0,"ocean_custom_retina_logo":0,"ocean_custom_logo_max_width":0,"ocean_custom_logo_tablet_max_width":0,"ocean_custom_logo_mobile_max_width":0,"ocean_custom_logo_max_height":0,"ocean_custom_logo_tablet_max_height":0,"ocean_custom_logo_mobile_max_height":0,"ocean_header_custom_menu":"0","ocean_menu_typo_font_family":"0","ocean_menu_typo_font_subset":"","ocean_menu_typo_font_size":0,"ocean_menu_typo_font_size_tablet":0,"ocean_menu_typo_font_size_mobile":0,"ocean_menu_typo_font_size_unit":"px","ocean_menu_typo_font_weight":"","ocean_menu_typo_font_weight_tablet":"","ocean_menu_typo_font_weight_mobile":"","ocean_menu_typo_transform":"","ocean_menu_typo_transform_tablet":"","ocean_menu_typo_transform_mobile":"","ocean_menu_typo_line_height":0,"ocean_menu_typo_line_height_tablet":0,"ocean_menu_typo_line_height_mobile":0,"ocean_menu_typo_line_height_unit":"","ocean_menu_typo_spacing":0,"ocean_menu_typo_spacing_tablet":0,"ocean_menu_typo_spacing_mobile":0,"ocean_menu_typo_spacing_unit":"","ocean_menu_link_color":"","ocean_menu_link_color_hover":"","ocean_menu_link_color_active":"","ocean_menu_link_background":"","ocean_menu_link_hover_background":"","ocean_menu_link_active_background":"","ocean_menu_social_links_bg":"","ocean_menu_social_hover_links_bg":"","ocean_menu_social_links_color":"","ocean_menu_social_hover_links_color":"","ocean_disable_title":"default","ocean_disable_heading":"default","ocean_post_title":"","ocean_post_subheading":"","ocean_post_title_style":"","ocean_post_title_background_color":"","ocean_post_title_background":0,"ocean_post_title_bg_image_position":"","ocean_post_title_bg_image_attachment":"","ocean_post_title_bg_image_repeat":"","ocean_post_title_bg_image_size":"","ocean_post_title_height":0,"ocean_post_title_bg_overlay":0.5,"ocean_post_title_bg_overlay_color":"","ocean_disable_breadcrumbs":"default","ocean_breadcrumbs_color":"","ocean_breadcrumbs_separator_color":"","ocean_breadcrumbs_links_color":"","ocean_breadcrumbs_links_hover_color":"","ocean_display_footer_widgets":"default","ocean_display_footer_bottom":"default","ocean_custom_footer_template":"0","ocean_post_oembed":"","ocean_post_self_hosted_media":"","ocean_post_video_embed":"","ocean_link_format":"","ocean_link_format_target":"self","ocean_quote_format":"","ocean_quote_format_link":"post","ocean_gallery_link_images":"off","ocean_gallery_id":[],"footnotes":""},"categories":[1],"tags":[],"class_list":["post-25288","post","type-post","status-publish","format-standard","has-post-thumbnail","hentry","category-actualites","entry","has-media"],"_links":{"self":[{"href":"https:\/\/cfpem-sst.com\/en\/wp-json\/wp\/v2\/posts\/25288","targetHints":{"allow":["GET"]}}],"collection":[{"href":"https:\/\/cfpem-sst.com\/en\/wp-json\/wp\/v2\/posts"}],"about":[{"href":"https:\/\/cfpem-sst.com\/en\/wp-json\/wp\/v2\/types\/post"}],"author":[{"embeddable":true,"href":"https:\/\/cfpem-sst.com\/en\/wp-json\/wp\/v2\/users\/1"}],"replies":[{"embeddable":true,"href":"https:\/\/cfpem-sst.com\/en\/wp-json\/wp\/v2\/comments?post=25288"}],"version-history":[{"count":3,"href":"https:\/\/cfpem-sst.com\/en\/wp-json\/wp\/v2\/posts\/25288\/revisions"}],"predecessor-version":[{"id":25732,"href":"https:\/\/cfpem-sst.com\/en\/wp-json\/wp\/v2\/posts\/25288\/revisions\/25732"}],"wp:featuredmedia":[{"embeddable":true,"href":"https:\/\/cfpem-sst.com\/en\/wp-json\/wp\/v2\/media\/25730"}],"wp:attachment":[{"href":"https:\/\/cfpem-sst.com\/en\/wp-json\/wp\/v2\/media?parent=25288"}],"wp:term":[{"taxonomy":"category","embeddable":true,"href":"https:\/\/cfpem-sst.com\/en\/wp-json\/wp\/v2\/categories?post=25288"},{"taxonomy":"post_tag","embeddable":true,"href":"https:\/\/cfpem-sst.com\/en\/wp-json\/wp\/v2\/tags?post=25288"}],"curies":[{"name":"wp","href":"https:\/\/api.w.org\/{rel}","templated":true}]}}